{"id":2354,"date":"2021-06-10T16:25:52","date_gmt":"2021-06-10T14:25:52","guid":{"rendered":"https:\/\/www.litigation.rocks\/?p=2354"},"modified":"2021-06-10T16:25:52","modified_gmt":"2021-06-10T14:25:52","slug":"brand-1-ranking-loeffel-abrar-belongs-to-the-best-commercial-law-firms-in-germany","status":"publish","type":"post","link":"https:\/\/www.litigation.rocks\/en\/newsblog\/brand-1-ranking-loeffel-abrar-belongs-to-the-best-commercial-law-firms-in-germany\/","title":{"rendered":"brand 1 ranking: L\u00f6ffel Abrar belongs to the best commercial law firms in Germany"},"content":{"rendered":"<p>L\u00f6ffel Abrar has been selected by its peers and clients for inclusion in &#8216;Best Commercial Law Firms&#8217; in 2021 (&#8216;Beste Wirtschaftskanzleien 2021&#8217;) for Trademark and Design law, published by German business magazine <em>brand eins<\/em> (brandeins\/thema Wirtschaftskanzleien 2021, edition May 2021).<\/p>\n","protected":false},"excerpt":{"rendered":"<p>L\u00f6ffel Abrar has been selected by its peers and clients for inclusion in &#8216;Best Commercial Law Firms&#8217; in 2021 (&#8216;Beste Wirtschaftskanzleien 2021&#8217;) for Trademark and Design law, published by German business magazine brand eins (brandeins\/thema Wirtschaftskanzleien 2021, edition May 2021).<\/p>\n","protected":false},"author":3,"featured_media":0,"comment_status":"closed","ping_status":"closed","sticky":false,"template":"","format":"standard","meta":{"footnotes":""},"categories":[10],"tags":[],"class_list":["post-2354","post","type-post","status-publish","format-standard","hentry","category-news-en"],"yoast_head":"<!-- This site is optimized with the Yoast SEO plugin v21.1 - https:\/\/yoast.com\/wordpress\/plugins\/seo\/ -->\n<title>brand 1 ranking: L\u00f6ffel Abrar belongs to the best commercial law firms in Germany - L\u00f6ffel Abrar Blog<\/title>\n<meta name=\"robots\" content=\"index, follow, max-snippet:-1, max-image-preview:large, max-video-preview:-1\" \/>\n<link rel=\"canonical\" href=\"https:\/\/www.litigation.rocks\/en\/newsblog\/brand-1-ranking-loeffel-abrar-belongs-to-the-best-commercial-law-firms-in-germany\/\" \/>\n<meta property=\"og:locale\" content=\"en_US\" \/>\n<meta property=\"og:type\" content=\"article\" \/>\n<meta property=\"og:title\" content=\"brand 1 ranking: L\u00f6ffel Abrar belongs to the best commercial law firms in Germany - L\u00f6ffel Abrar Blog\" \/>\n<meta property=\"og:description\" content=\"L\u00f6ffel Abrar has been selected by its peers and clients for inclusion in &#8216;Best Commercial Law Firms&#8217; in 2021 (&#8216;Beste Wirtschaftskanzleien 2021&#8217;) for Trademark and Design law, published by German business magazine brand eins (brandeins\/thema Wirtschaftskanzleien 2021, edition May 2021).\" \/>\n<meta property=\"og:url\" content=\"https:\/\/www.litigation.rocks\/en\/newsblog\/brand-1-ranking-loeffel-abrar-belongs-to-the-best-commercial-law-firms-in-germany\/\" \/>\n<meta property=\"og:site_name\" content=\"L\u00f6ffel Abrar Blog\" \/>\n<meta property=\"article:published_time\" content=\"2021-06-10T14:25:52+00:00\" \/>\n<meta name=\"author\" content=\"Oliver L\u00f6ffel\" \/>\n<meta name=\"twitter:card\" content=\"summary_large_image\" \/>\n<meta name=\"twitter:label1\" content=\"Written by\" \/>\n\t<meta name=\"twitter:data1\" content=\"Oliver L\u00f6ffel\" \/>\n<script type=\"application\/ld+json\" class=\"yoast-schema-graph\">{\"@context\":\"https:\/\/schema.org\",\"@graph\":[{\"@type\":\"WebPage\",\"@id\":\"https:\/\/www.litigation.rocks\/en\/newsblog\/brand-1-ranking-loeffel-abrar-belongs-to-the-best-commercial-law-firms-in-germany\/\",\"url\":\"https:\/\/www.litigation.rocks\/en\/newsblog\/brand-1-ranking-loeffel-abrar-belongs-to-the-best-commercial-law-firms-in-germany\/\",\"name\":\"brand 1 ranking: L\u00f6ffel Abrar belongs to the best commercial law firms in Germany - L\u00f6ffel Abrar Blog\",\"isPartOf\":{\"@id\":\"https:\/\/www.litigation.rocks\/#website\"},\"datePublished\":\"2021-06-10T14:25:52+00:00\",\"dateModified\":\"2021-06-10T14:25:52+00:00\",\"author\":{\"@id\":\"https:\/\/www.litigation.rocks\/#\/schema\/person\/abf863beca4988fa5c1cf89df6e37e4d\"},\"breadcrumb\":{\"@id\":\"https:\/\/www.litigation.rocks\/en\/newsblog\/brand-1-ranking-loeffel-abrar-belongs-to-the-best-commercial-law-firms-in-germany\/#breadcrumb\"},\"inLanguage\":\"en-US\",\"potentialAction\":[{\"@type\":\"ReadAction\",\"target\":[\"https:\/\/www.litigation.rocks\/en\/newsblog\/brand-1-ranking-loeffel-abrar-belongs-to-the-best-commercial-law-firms-in-germany\/\"]}]},{\"@type\":\"BreadcrumbList\",\"@id\":\"https:\/\/www.litigation.rocks\/en\/newsblog\/brand-1-ranking-loeffel-abrar-belongs-to-the-best-commercial-law-firms-in-germany\/#breadcrumb\",\"itemListElement\":[{\"@type\":\"ListItem\",\"position\":1,\"name\":\"Startseite\",\"item\":\"https:\/\/www.litigation.rocks\/en\/\"},{\"@type\":\"ListItem\",\"position\":2,\"name\":\"brand 1 ranking: L\u00f6ffel Abrar belongs to the best commercial law firms in Germany\"}]},{\"@type\":\"WebSite\",\"@id\":\"https:\/\/www.litigation.rocks\/#website\",\"url\":\"https:\/\/www.litigation.rocks\/\",\"name\":\"L\u00f6ffel Abrar Blog\",\"description\":\"Start\",\"potentialAction\":[{\"@type\":\"SearchAction\",\"target\":{\"@type\":\"EntryPoint\",\"urlTemplate\":\"https:\/\/www.litigation.rocks\/?s={search_term_string}\"},\"query-input\":\"required name=search_term_string\"}],\"inLanguage\":\"en-US\"},{\"@type\":\"Person\",\"@id\":\"https:\/\/www.litigation.rocks\/#\/schema\/person\/abf863beca4988fa5c1cf89df6e37e4d\",\"name\":\"Oliver L\u00f6ffel\",\"image\":{\"@type\":\"ImageObject\",\"inLanguage\":\"en-US\",\"@id\":\"https:\/\/www.litigation.rocks\/#\/schema\/person\/image\/\",\"url\":\"https:\/\/secure.gravatar.com\/avatar\/37ec7b15f57d12fca6f9e962922dc47f?s=96&d=mm&r=g\",\"contentUrl\":\"https:\/\/secure.gravatar.com\/avatar\/37ec7b15f57d12fca6f9e962922dc47f?s=96&d=mm&r=g\",\"caption\":\"Oliver L\u00f6ffel\"},\"sameAs\":[\"https:\/\/www.litigation.rocks\"],\"url\":\"https:\/\/www.litigation.rocks\/en\/newsblog\/author\/loeffelabrar\/\"}]}<\/script>\n<!-- \/ Yoast SEO plugin. -->","yoast_head_json":{"title":"brand 1 ranking: L\u00f6ffel Abrar belongs to the best commercial law firms in Germany - L\u00f6ffel Abrar Blog","robots":{"index":"index","follow":"follow","max-snippet":"max-snippet:-1","max-image-preview":"max-image-preview:large","max-video-preview":"max-video-preview:-1"},"canonical":"https:\/\/www.litigation.rocks\/en\/newsblog\/brand-1-ranking-loeffel-abrar-belongs-to-the-best-commercial-law-firms-in-germany\/","og_locale":"en_US","og_type":"article","og_title":"brand 1 ranking: L\u00f6ffel Abrar belongs to the best commercial law firms in Germany - L\u00f6ffel Abrar Blog","og_description":"L\u00f6ffel Abrar has been selected by its peers and clients for inclusion in &#8216;Best Commercial Law Firms&#8217; in 2021 (&#8216;Beste Wirtschaftskanzleien 2021&#8217;) for Trademark and Design law, published by German business magazine brand eins (brandeins\/thema Wirtschaftskanzleien 2021, edition May 2021).","og_url":"https:\/\/www.litigation.rocks\/en\/newsblog\/brand-1-ranking-loeffel-abrar-belongs-to-the-best-commercial-law-firms-in-germany\/","og_site_name":"L\u00f6ffel Abrar Blog","article_published_time":"2021-06-10T14:25:52+00:00","author":"Oliver L\u00f6ffel","twitter_card":"summary_large_image","twitter_misc":{"Written by":"Oliver L\u00f6ffel"},"schema":{"@context":"https:\/\/schema.org","@graph":[{"@type":"WebPage","@id":"https:\/\/www.litigation.rocks\/en\/newsblog\/brand-1-ranking-loeffel-abrar-belongs-to-the-best-commercial-law-firms-in-germany\/","url":"https:\/\/www.litigation.rocks\/en\/newsblog\/brand-1-ranking-loeffel-abrar-belongs-to-the-best-commercial-law-firms-in-germany\/","name":"brand 1 ranking: L\u00f6ffel Abrar belongs to the best commercial law firms in Germany - L\u00f6ffel Abrar Blog","isPartOf":{"@id":"https:\/\/www.litigation.rocks\/#website"},"datePublished":"2021-06-10T14:25:52+00:00","dateModified":"2021-06-10T14:25:52+00:00","author":{"@id":"https:\/\/www.litigation.rocks\/#\/schema\/person\/abf863beca4988fa5c1cf89df6e37e4d"},"breadcrumb":{"@id":"https:\/\/www.litigation.rocks\/en\/newsblog\/brand-1-ranking-loeffel-abrar-belongs-to-the-best-commercial-law-firms-in-germany\/#breadcrumb"},"inLanguage":"en-US","potentialAction":[{"@type":"ReadAction","target":["https:\/\/www.litigation.rocks\/en\/newsblog\/brand-1-ranking-loeffel-abrar-belongs-to-the-best-commercial-law-firms-in-germany\/"]}]},{"@type":"BreadcrumbList","@id":"https:\/\/www.litigation.rocks\/en\/newsblog\/brand-1-ranking-loeffel-abrar-belongs-to-the-best-commercial-law-firms-in-germany\/#breadcrumb","itemListElement":[{"@type":"ListItem","position":1,"name":"Startseite","item":"https:\/\/www.litigation.rocks\/en\/"},{"@type":"ListItem","position":2,"name":"brand 1 ranking: L\u00f6ffel Abrar belongs to the best commercial law firms in Germany"}]},{"@type":"WebSite","@id":"https:\/\/www.litigation.rocks\/#website","url":"https:\/\/www.litigation.rocks\/","name":"L\u00f6ffel Abrar Blog","description":"Start","potentialAction":[{"@type":"SearchAction","target":{"@type":"EntryPoint","urlTemplate":"https:\/\/www.litigation.rocks\/?s={search_term_string}"},"query-input":"required name=search_term_string"}],"inLanguage":"en-US"},{"@type":"Person","@id":"https:\/\/www.litigation.rocks\/#\/schema\/person\/abf863beca4988fa5c1cf89df6e37e4d","name":"Oliver L\u00f6ffel","image":{"@type":"ImageObject","inLanguage":"en-US","@id":"https:\/\/www.litigation.rocks\/#\/schema\/person\/image\/","url":"https:\/\/secure.gravatar.com\/avatar\/37ec7b15f57d12fca6f9e962922dc47f?s=96&d=mm&r=g","contentUrl":"https:\/\/secure.gravatar.com\/avatar\/37ec7b15f57d12fca6f9e962922dc47f?s=96&d=mm&r=g","caption":"Oliver L\u00f6ffel"},"sameAs":["https:\/\/www.litigation.rocks"],"url":"https:\/\/www.litigation.rocks\/en\/newsblog\/author\/loeffelabrar\/"}]}},"_links":{"self":[{"href":"https:\/\/www.litigation.rocks\/en\/wp-json\/wp\/v2\/posts\/2354","targetHints":{"allow":["GET"]}}],"collection":[{"href":"https:\/\/www.litigation.rocks\/en\/wp-json\/wp\/v2\/posts"}],"about":[{"href":"https:\/\/www.litigation.rocks\/en\/wp-json\/wp\/v2\/types\/post"}],"author":[{"embeddable":true,"href":"https:\/\/www.litigation.rocks\/en\/wp-json\/wp\/v2\/users\/3"}],"replies":[{"embeddable":true,"href":"https:\/\/www.litigation.rocks\/en\/wp-json\/wp\/v2\/comments?post=2354"}],"version-history":[{"count":1,"href":"https:\/\/www.litigation.rocks\/en\/wp-json\/wp\/v2\/posts\/2354\/revisions"}],"predecessor-version":[{"id":2355,"href":"https:\/\/www.litigation.rocks\/en\/wp-json\/wp\/v2\/posts\/2354\/revisions\/2355"}],"wp:attachment":[{"href":"https:\/\/www.litigation.rocks\/en\/wp-json\/wp\/v2\/media?parent=2354"}],"wp:term":[{"taxonomy":"category","embeddable":true,"href":"https:\/\/www.litigation.rocks\/en\/wp-json\/wp\/v2\/categories?post=2354"},{"taxonomy":"post_tag","embeddable":true,"href":"https:\/\/www.litigation.rocks\/en\/wp-json\/wp\/v2\/tags?post=2354"}],"curies":[{"name":"wp","href":"https:\/\/api.w.org\/{rel}","templated":true}]}}